
{"id":18201,"date":"2021-04-15T00:18:21","date_gmt":"2021-04-15T00:18:21","guid":{"rendered":"http:\/\/www.ferrandoyasociados.com\/?p=18201"},"modified":"2021-04-15T00:20:41","modified_gmt":"2021-04-15T00:20:41","slug":"entrevista-a-santiago-ferrando-en-radio-diario-forestal","status":"publish","type":"post","link":"http:\/\/www.ferrandoyasociados.com\/en\/entrevistas\/entrevista-a-santiago-ferrando-en-radio-diario-forestal\/","title":{"rendered":"Diario Forestal interview \u2013 Radio Rural 610"},"content":{"rendered":"<p>Nuevamente se realiz\u00f3 una entrevista a Santiago Ferrando en el programa Diario Forestal de Radio Rural 610. En esta ocasi\u00f3n dialogando sobre su participaci\u00f3n como panelista junto a profesionales de Uruguay y Nueva Zelanda en el evento Jornadas Agroeficientes NZ+UY.<\/p>\n<p>Presiona &#8216;Play&#8217; para escuchar la entrevista<\/p>\n<p><iframe loading=\"lazy\" width=\"100%\" height=\"65px\" scrolling=\"no\" frameborder=\"no\" src=\"\/\/ar.radiocut.fm\/audiocut\/embed\/mini\/nota-nzte-santiago-ferrando\/\" ><\/iframe><\/p>","protected":false},"excerpt":{"rendered":"<p>Nuevamente se realiz\u00f3 una entrevista a Santiago Ferrando en el programa Diario Forestal de Radio Rural 610. En esta ocasi\u00f3n dialogando sobre su participaci\u00f3n como panelista junto a profesionales de Uruguay y Nueva Zelanda en el evento Jornadas Agroeficientes NZ+UY. Presiona &#8216;Play&#8217; para escuchar la entrevista<\/p>","protected":false},"author":1,"featured_media":17945,"comment_status":"closed","ping_status":"closed","sticky":false,"template":"","format":"standard","meta":{"footnotes":""},"categories":[70],"tags":[],"class_list":["post-18201","post","type-post","status-publish","format-standard","has-post-thumbnail","hentry","category-entrevistas"],"_links":{"self":[{"href":"http:\/\/www.ferrandoyasociados.com\/en\/wp-json\/wp\/v2\/posts\/18201","targetHints":{"allow":["GET"]}}],"collection":[{"href":"http:\/\/www.ferrandoyasociados.com\/en\/wp-json\/wp\/v2\/posts"}],"about":[{"href":"http:\/\/www.ferrandoyasociados.com\/en\/wp-json\/wp\/v2\/types\/post"}],"author":[{"embeddable":true,"href":"http:\/\/www.ferrandoyasociados.com\/en\/wp-json\/wp\/v2\/users\/1"}],"replies":[{"embeddable":true,"href":"http:\/\/www.ferrandoyasociados.com\/en\/wp-json\/wp\/v2\/comments?post=18201"}],"version-history":[{"count":5,"href":"http:\/\/www.ferrandoyasociados.com\/en\/wp-json\/wp\/v2\/posts\/18201\/revisions"}],"predecessor-version":[{"id":18207,"href":"http:\/\/www.ferrandoyasociados.com\/en\/wp-json\/wp\/v2\/posts\/18201\/revisions\/18207"}],"wp:featuredmedia":[{"embeddable":true,"href":"http:\/\/www.ferrandoyasociados.com\/en\/wp-json\/wp\/v2\/media\/17945"}],"wp:attachment":[{"href":"http:\/\/www.ferrandoyasociados.com\/en\/wp-json\/wp\/v2\/media?parent=18201"}],"wp:term":[{"taxonomy":"category","embeddable":true,"href":"http:\/\/www.ferrandoyasociados.com\/en\/wp-json\/wp\/v2\/categories?post=18201"},{"taxonomy":"post_tag","embeddable":true,"href":"http:\/\/www.ferrandoyasociados.com\/en\/wp-json\/wp\/v2\/tags?post=18201"}],"curies":[{"name":"wp","href":"https:\/\/api.w.org\/{rel}","templated":true}]}}