
{"id":17947,"date":"2020-08-14T03:41:33","date_gmt":"2020-08-14T03:41:33","guid":{"rendered":"http:\/\/www.ferrandoyasociados.com\/?p=17947"},"modified":"2021-04-15T00:23:09","modified_gmt":"2021-04-15T00:23:09","slug":"el-sector-forestal-uruguayo-ya-es-referencia-y-podemos-llegar-mas-lejos","status":"publish","type":"post","link":"http:\/\/www.ferrandoyasociados.com\/en\/noticias\/el-sector-forestal-uruguayo-ya-es-referencia-y-podemos-llegar-mas-lejos\/","title":{"rendered":"The Uruguayan forestry sector \u2018is already a reference, and we can go further\u2019"},"content":{"rendered":"<p>Interview to Santiago Ferrando \u2013 Ferrando &amp; Co director \u2013 on June 13th, 2020, published by Tard\u00e1guila.<\/p>\n<p>\u2018In view of the forestry seminar which is going to take place on June 18th, Panorama Forestal  interviewed Santiago Ferrando, an entrepreneur, Santiago &amp; Co director and Sky Services Uruguay co-founder.<\/p>\n<p><a href=\"http:\/\/tardaguila.com.uy\/web\/forestal\/item\/13783-el-sector-forestal-uruguayo-ya-es-referencia-y-podemos-llegar-mas-lejos\" target=\"_blank\" rel=\"noopener noreferrer\">Access to news article<\/a><\/p>","protected":false},"excerpt":{"rendered":"<p>Entrevista publicada en Tard\u00e1guila, realizada a Santiago Ferrando -director de Ferrando y Asociados- el d\u00eda 13 de Junio de 2020. &#8220;De cara al seminario forestal que tomara lugar el pr\u00f3ximo 18 de junio, Panorama Forestal entrevist\u00f3 a Santiago Ferrando, emprendedor director en Ferrando &amp; Asociados y socio co fundador de Sky Services Uruguay.&#8221; Acceder al [&hellip;]<\/p>","protected":false},"author":1,"featured_media":17948,"comment_status":"closed","ping_status":"closed","sticky":false,"template":"","format":"standard","meta":{"footnotes":""},"categories":[68],"tags":[],"class_list":["post-17947","post","type-post","status-publish","format-standard","has-post-thumbnail","hentry","category-noticias"],"_links":{"self":[{"href":"http:\/\/www.ferrandoyasociados.com\/en\/wp-json\/wp\/v2\/posts\/17947","targetHints":{"allow":["GET"]}}],"collection":[{"href":"http:\/\/www.ferrandoyasociados.com\/en\/wp-json\/wp\/v2\/posts"}],"about":[{"href":"http:\/\/www.ferrandoyasociados.com\/en\/wp-json\/wp\/v2\/types\/post"}],"author":[{"embeddable":true,"href":"http:\/\/www.ferrandoyasociados.com\/en\/wp-json\/wp\/v2\/users\/1"}],"replies":[{"embeddable":true,"href":"http:\/\/www.ferrandoyasociados.com\/en\/wp-json\/wp\/v2\/comments?post=17947"}],"version-history":[{"count":3,"href":"http:\/\/www.ferrandoyasociados.com\/en\/wp-json\/wp\/v2\/posts\/17947\/revisions"}],"predecessor-version":[{"id":18072,"href":"http:\/\/www.ferrandoyasociados.com\/en\/wp-json\/wp\/v2\/posts\/17947\/revisions\/18072"}],"wp:featuredmedia":[{"embeddable":true,"href":"http:\/\/www.ferrandoyasociados.com\/en\/wp-json\/wp\/v2\/media\/17948"}],"wp:attachment":[{"href":"http:\/\/www.ferrandoyasociados.com\/en\/wp-json\/wp\/v2\/media?parent=17947"}],"wp:term":[{"taxonomy":"category","embeddable":true,"href":"http:\/\/www.ferrandoyasociados.com\/en\/wp-json\/wp\/v2\/categories?post=17947"},{"taxonomy":"post_tag","embeddable":true,"href":"http:\/\/www.ferrandoyasociados.com\/en\/wp-json\/wp\/v2\/tags?post=17947"}],"curies":[{"name":"wp","href":"https:\/\/api.w.org\/{rel}","templated":true}]}}